{"id":135379,"date":"2026-09-03T08:44:57","date_gmt":"2026-09-03T12:44:57","guid":{"rendered":"https:\/\/www.agribusinessglobal.com\/?p=135379"},"modified":"2026-09-03T08:44:57","modified_gmt":"2026-09-03T12:44:57","slug":"rovensa-next-appoints-jose-borgo-as-chief-commerical-officer","status":"publish","type":"post","link":"https:\/\/www.agribusinessglobal.com\/pt\/biologicals\/rovensa-next-appoints-jose-borgo-as-chief-commerical-officer\/","title":{"rendered":"A Rovensa Next nomeia Jos\u00e9 Borgo como Diretor Comercial."},"content":{"rendered":"<p><a href=\"https:\/\/www.rovensanext.com\/en\/\">Rovensa Pr\u00f3ximo,<\/a> A Rovensa, l\u00edder global em biossolu\u00e7\u00f5es para a agricultura, anunciou a nomea\u00e7\u00e3o de Jos\u00e9 Borgo como seu novo Diretor Comercial. Borgo integra o Comit\u00ea Executivo da Rovensa Next para liderar a organiza\u00e7\u00e3o comercial global, com foco principal no fortalecimento da execu\u00e7\u00e3o de mercado, na promo\u00e7\u00e3o da excel\u00eancia comercial e na acelera\u00e7\u00e3o do crescimento sustent\u00e1vel e centrado no cliente em todas as regi\u00f5es de atua\u00e7\u00e3o.<\/p>\n<p>O executivo rec\u00e9m-nomeado traz para a empresa mais de 20 anos de experi\u00eancia em lideran\u00e7a internacional, com especializa\u00e7\u00e3o em transforma\u00e7\u00e3o de desempenho e integra\u00e7\u00e3o de neg\u00f3cios em larga escala. Ao longo de sua carreira, ele guiou com sucesso organiza\u00e7\u00f5es em diversos setores, incluindo o agroneg\u00f3cio, por per\u00edodos de crescimento significativo e mudan\u00e7as operacionais.<\/p>\n<div id=\"attachment_135381\" style=\"width: 310px\" class=\"wp-caption alignright\"><img loading=\"lazy\" decoding=\"async\" aria-describedby=\"caption-attachment-135381\" class=\"wp-image-135381 size-medium\" src=\"https:\/\/d6kq167ddwbdq.cloudfront.net\/farmchemint\/wp-content\/uploads\/2026\/09\/Borgo-headshot-300x300.jpg\" alt=\"Jos\u00e9 Borgo, Chief Commercial Officer, Rovensa Next\" width=\"300\" height=\"300\" srcset=\"https:\/\/d6kq167ddwbdq.cloudfront.net\/farmchemint\/wp-content\/uploads\/2026\/09\/Borgo-headshot-300x300.jpg 300w, https:\/\/d6kq167ddwbdq.cloudfront.net\/farmchemint\/wp-content\/uploads\/2026\/09\/Borgo-headshot-150x150.jpg 150w, https:\/\/d6kq167ddwbdq.cloudfront.net\/farmchemint\/wp-content\/uploads\/2026\/09\/Borgo-headshot-12x12.jpg 12w, https:\/\/d6kq167ddwbdq.cloudfront.net\/farmchemint\/wp-content\/uploads\/2026\/09\/Borgo-headshot-320x320.jpg 320w, https:\/\/d6kq167ddwbdq.cloudfront.net\/farmchemint\/wp-content\/uploads\/2026\/09\/Borgo-headshot-330x330.jpg 330w, https:\/\/d6kq167ddwbdq.cloudfront.net\/farmchemint\/wp-content\/uploads\/2026\/09\/Borgo-headshot-72x72.jpg 72w, https:\/\/d6kq167ddwbdq.cloudfront.net\/farmchemint\/wp-content\/uploads\/2026\/09\/Borgo-headshot-360x360.jpg 360w, https:\/\/d6kq167ddwbdq.cloudfront.net\/farmchemint\/wp-content\/uploads\/2026\/09\/Borgo-headshot-85x85.jpg 85w, https:\/\/d6kq167ddwbdq.cloudfront.net\/farmchemint\/wp-content\/uploads\/2026\/09\/Borgo-headshot.jpg 441w\" sizes=\"auto, (max-width: 300px) 100vw, 300px\" \/><p id=\"caption-attachment-135381\" class=\"wp-caption-text\">Jos\u00e9 Borgo, Rovensa Pr\u00f3ximo<\/p><\/div>\n<p>\u201c\u00c9 um privil\u00e9gio juntar-me \u00e0 Rovensa Next e iniciar este novo cap\u00edtulo ao lado de uma equipa global t\u00e3o dedicada\u201d, afirmou Jos\u00e9 Borgo, Diretor Comercial da Rovensa Next. \u201cEstou ansioso por dar continuidade \u00e0 s\u00f3lida base de colabora\u00e7\u00e3o da Rovensa Next com os nossos clientes, parceiros, distribuidores e produtores, fornecendo as estrat\u00e9gias integradas de biossolu\u00e7\u00f5es e as solu\u00e7\u00f5es personalizadas de que necessitam para prosperar.\u201d<\/p>\n<p>Ignacio Dom\u00ednguez, Presidente e CEO do Grupo Rovensa, deu as boas-vindas ao novo CCO \u00e0 equipe, afirmando: \u201cCom base em nossa s\u00f3lida posi\u00e7\u00e3o de mercado, o foco de Jos\u00e9 ser\u00e1 otimizar nossa atua\u00e7\u00e3o global para fortalecer ainda mais nossas equipes locais dedicadas, garantindo que continuemos a oferecer solu\u00e7\u00f5es eficazes aos nossos parceiros com ainda mais agilidade.\u201d<\/p>\n<h2>IMPULSIONANDO A INOVA\u00c7\u00c3O E A ESTRAT\u00c9GIA<\/h2>\n<p>Como parte dessa evolu\u00e7\u00e3o na lideran\u00e7a, Riccardo Vanelli, que atuava como Diretor Comercial desde agosto de 2024, assume o novo cargo de Diretor de Inova\u00e7\u00e3o e Estrat\u00e9gia no Comit\u00ea Executivo. Nessa fun\u00e7\u00e3o, Vanelli utilizar\u00e1 sua vasta experi\u00eancia de mercado para conectar as necessidades dos clientes a novas oportunidades de neg\u00f3cios e liderar a inova\u00e7\u00e3o e o planejamento estrat\u00e9gico da empresa.<\/p>\n<p>Dom\u00ednguez observou que a mudan\u00e7a \u00e9 altamente estrat\u00e9gica, acrescentando: &quot;Com Riccardo assumindo essa nova fun\u00e7\u00e3o para impulsionar a estrat\u00e9gia e a inova\u00e7\u00e3o, estamos posicionados para gerar um impacto comercial maior para nossos distribuidores, produtores e parceiros de mercado em todo o mundo.&quot;\u201c<\/p>\n<p>Essas nomea\u00e7\u00f5es alinham a execu\u00e7\u00e3o comercial, a Pesquisa e Desenvolvimento e a inova\u00e7\u00e3o estrat\u00e9gica do portf\u00f3lio para impulsionar a Biosolutionize Agriculture da Rovensa Next, uma campanha com respaldo cient\u00edfico para desenvolver biossolu\u00e7\u00f5es que ajudem os produtores a melhorar o desempenho, a rentabilidade, reduzir a carga de sint\u00e9ticos e cultivar de forma mais sustent\u00e1vel em diversas culturas e climas ao redor do mundo. Ao combinar a expertise de Borgo em atua\u00e7\u00e3o no mercado global com o foco de Vanelli em estrat\u00e9gia e inova\u00e7\u00e3o orientadas para o mercado, a empresa refor\u00e7a seu compromisso com distribuidores e produtores, oferecendo-lhes solu\u00e7\u00f5es inovadoras, eficazes e personalizadas para atender \u00e0s suas necessidades espec\u00edficas.<\/p>","protected":false},"excerpt":{"rendered":"<p>With over two decades of international leadership experience, Borgo joins the Rovensa Next Executive Committee to strengthen global market execution and drive commercial excellence.<\/p>","protected":false},"author":110,"featured_media":135380,"comment_status":"open","ping_status":"open","sticky":false,"template":"","format":"standard","meta":{"_acf_changed":false,"footnotes":"","jetpack_publicize_message":"","jetpack_publicize_feature_enabled":true,"jetpack_social_post_already_shared":true,"jetpack_social_options":{"image_generator_settings":{"template":"highway","default_image_id":0,"font":"","enabled":false},"version":2},"jetpack_post_was_ever_published":false},"categories":[1786,489],"tags":[],"class_list":["post-135379","post","type-post","status-publish","format-standard","has-post-thumbnail","hentry","category-biologicals","category-industry-news"],"yoast_head":"<!-- This site is optimized with the Yoast SEO plugin v28.4 - https:\/\/yoast.com\/product\/yoast-seo-wordpress\/ -->\n<title>Rovensa Next Appoints Jos\u00e9 Borgo As Chief Commerical Officer - AgriBusiness Global<\/title>\n<meta name=\"description\" content=\"With over two decades of international leadership experience, Borgo joins the Rovensa Next Executive Committee to strengthen global market execution and drive commercial excellence.\" \/>\n<meta name=\"robots\" content=\"index, follow, max-snippet:-1, max-image-preview:large, max-video-preview:-1\" \/>\n<link rel=\"canonical\" href=\"https:\/\/www.agribusinessglobal.com\/pt\/biologicals\/rovensa-next-appoints-jose-borgo-as-chief-commerical-officer\/\" \/>\n<meta property=\"og:locale\" content=\"pt_BR\" \/>\n<meta property=\"og:type\" content=\"article\" \/>\n<meta property=\"og:title\" content=\"Rovensa Next Appoints Jos\u00e9 Borgo As Chief Commerical Officer - AgriBusiness Global\" \/>\n<meta property=\"og:description\" content=\"With over two decades of international leadership experience, Borgo joins the Rovensa Next Executive Committee to strengthen global market execution and drive commercial excellence.\" \/>\n<meta property=\"og:url\" content=\"https:\/\/www.agribusinessglobal.com\/pt\/biologicals\/rovensa-next-appoints-jose-borgo-as-chief-commerical-officer\/\" \/>\n<meta property=\"og:site_name\" content=\"AgriBusiness Global\" \/>\n<meta property=\"article:published_time\" content=\"2026-09-03T12:44:57+00:00\" \/>\n<meta property=\"og:image\" content=\"https:\/\/d6kq167ddwbdq.cloudfront.net\/farmchemint\/wp-content\/uploads\/2026\/09\/Rovensa-Borgo.jpg\" \/>\n\t<meta property=\"og:image:width\" content=\"896\" \/>\n\t<meta property=\"og:image:height\" content=\"504\" \/>\n\t<meta property=\"og:image:type\" content=\"image\/jpeg\" \/>\n<meta name=\"author\" content=\"Matt Hopkins\" \/>\n<meta name=\"twitter:card\" content=\"summary_large_image\" \/>\n<meta name=\"twitter:image\" content=\"https:\/\/d6kq167ddwbdq.cloudfront.net\/farmchemint\/wp-content\/uploads\/2026\/09\/Rovensa-Borgo.jpg\" \/>\n<meta name=\"twitter:label1\" content=\"Escrito por\" \/>\n\t<meta name=\"twitter:data1\" content=\"Matt Hopkins\" \/>\n\t<meta name=\"twitter:label2\" content=\"Est. tempo de leitura\" \/>\n\t<meta name=\"twitter:data2\" content=\"3 minutos\" \/>\n<script type=\"application\/ld+json\" class=\"yoast-schema-graph\">{\"@context\":\"https:\\\/\\\/schema.org\",\"@graph\":[{\"@type\":\"Article\",\"@id\":\"https:\\\/\\\/www.agribusinessglobal.com\\\/biologicals\\\/rovensa-next-appoints-jose-borgo-as-chief-commerical-officer\\\/#article\",\"isPartOf\":{\"@id\":\"https:\\\/\\\/www.agribusinessglobal.com\\\/biologicals\\\/rovensa-next-appoints-jose-borgo-as-chief-commerical-officer\\\/\"},\"author\":{\"name\":\"Matt Hopkins\",\"@id\":\"https:\\\/\\\/www.agribusinessglobal.com\\\/pt\\\/#\\\/schema\\\/person\\\/4d0c8184f818e1c1add90c6287c9988e\"},\"headline\":\"Rovensa Next Appoints Jos\u00e9 Borgo As Chief Commerical Officer\",\"datePublished\":\"2026-09-03T12:44:57+00:00\",\"mainEntityOfPage\":{\"@id\":\"https:\\\/\\\/www.agribusinessglobal.com\\\/biologicals\\\/rovensa-next-appoints-jose-borgo-as-chief-commerical-officer\\\/\"},\"wordCount\":418,\"commentCount\":0,\"publisher\":{\"@id\":\"https:\\\/\\\/www.agribusinessglobal.com\\\/pt\\\/#organization\"},\"image\":{\"@id\":\"https:\\\/\\\/www.agribusinessglobal.com\\\/biologicals\\\/rovensa-next-appoints-jose-borgo-as-chief-commerical-officer\\\/#primaryimage\"},\"thumbnailUrl\":\"https:\\\/\\\/d6kq167ddwbdq.cloudfront.net\\\/farmchemint\\\/wp-content\\\/uploads\\\/2026\\\/09\\\/Rovensa-Borgo.jpg\",\"articleSection\":[\"Biologicals\",\"Industry News\"],\"inLanguage\":\"pt-BR\",\"potentialAction\":[{\"@type\":\"CommentAction\",\"name\":\"Comment\",\"target\":[\"https:\\\/\\\/www.agribusinessglobal.com\\\/biologicals\\\/rovensa-next-appoints-jose-borgo-as-chief-commerical-officer\\\/#respond\"]}]},{\"@type\":\"WebPage\",\"@id\":\"https:\\\/\\\/www.agribusinessglobal.com\\\/biologicals\\\/rovensa-next-appoints-jose-borgo-as-chief-commerical-officer\\\/\",\"url\":\"https:\\\/\\\/www.agribusinessglobal.com\\\/biologicals\\\/rovensa-next-appoints-jose-borgo-as-chief-commerical-officer\\\/\",\"name\":\"Rovensa Next Appoints Jos\u00e9 Borgo As Chief Commerical Officer - AgriBusiness Global\",\"isPartOf\":{\"@id\":\"https:\\\/\\\/www.agribusinessglobal.com\\\/pt\\\/#website\"},\"primaryImageOfPage\":{\"@id\":\"https:\\\/\\\/www.agribusinessglobal.com\\\/biologicals\\\/rovensa-next-appoints-jose-borgo-as-chief-commerical-officer\\\/#primaryimage\"},\"image\":{\"@id\":\"https:\\\/\\\/www.agribusinessglobal.com\\\/biologicals\\\/rovensa-next-appoints-jose-borgo-as-chief-commerical-officer\\\/#primaryimage\"},\"thumbnailUrl\":\"https:\\\/\\\/d6kq167ddwbdq.cloudfront.net\\\/farmchemint\\\/wp-content\\\/uploads\\\/2026\\\/09\\\/Rovensa-Borgo.jpg\",\"datePublished\":\"2026-09-03T12:44:57+00:00\",\"description\":\"With over two decades of international leadership experience, Borgo joins the Rovensa Next Executive Committee to strengthen global market execution and drive commercial excellence.\",\"breadcrumb\":{\"@id\":\"https:\\\/\\\/www.agribusinessglobal.com\\\/biologicals\\\/rovensa-next-appoints-jose-borgo-as-chief-commerical-officer\\\/#breadcrumb\"},\"inLanguage\":\"pt-BR\",\"potentialAction\":[{\"@type\":\"ReadAction\",\"target\":[\"https:\\\/\\\/www.agribusinessglobal.com\\\/biologicals\\\/rovensa-next-appoints-jose-borgo-as-chief-commerical-officer\\\/\"]}]},{\"@type\":\"ImageObject\",\"inLanguage\":\"pt-BR\",\"@id\":\"https:\\\/\\\/www.agribusinessglobal.com\\\/biologicals\\\/rovensa-next-appoints-jose-borgo-as-chief-commerical-officer\\\/#primaryimage\",\"url\":\"https:\\\/\\\/d6kq167ddwbdq.cloudfront.net\\\/farmchemint\\\/wp-content\\\/uploads\\\/2026\\\/09\\\/Rovensa-Borgo.jpg\",\"contentUrl\":\"https:\\\/\\\/d6kq167ddwbdq.cloudfront.net\\\/farmchemint\\\/wp-content\\\/uploads\\\/2026\\\/09\\\/Rovensa-Borgo.jpg\",\"width\":896,\"height\":504},{\"@type\":\"BreadcrumbList\",\"@id\":\"https:\\\/\\\/www.agribusinessglobal.com\\\/biologicals\\\/rovensa-next-appoints-jose-borgo-as-chief-commerical-officer\\\/#breadcrumb\",\"itemListElement\":[{\"@type\":\"ListItem\",\"position\":1,\"name\":\"Home\",\"item\":\"https:\\\/\\\/www.agribusinessglobal.com\\\/pt\\\/\"},{\"@type\":\"ListItem\",\"position\":2,\"name\":\"Rovensa Next Appoints Jos\u00e9 Borgo As Chief Commerical Officer\"}]},{\"@type\":\"WebSite\",\"@id\":\"https:\\\/\\\/www.agribusinessglobal.com\\\/pt\\\/#website\",\"url\":\"https:\\\/\\\/www.agribusinessglobal.com\\\/pt\\\/\",\"name\":\"AgriBusiness Global\",\"description\":\"Empowering Agriculture to Feed the World\",\"publisher\":{\"@id\":\"https:\\\/\\\/www.agribusinessglobal.com\\\/pt\\\/#organization\"},\"potentialAction\":[{\"@type\":\"SearchAction\",\"target\":{\"@type\":\"EntryPoint\",\"urlTemplate\":\"https:\\\/\\\/www.agribusinessglobal.com\\\/pt\\\/?s={search_term_string}\"},\"query-input\":{\"@type\":\"PropertyValueSpecification\",\"valueRequired\":true,\"valueName\":\"search_term_string\"}}],\"inLanguage\":\"pt-BR\"},{\"@type\":\"Organization\",\"@id\":\"https:\\\/\\\/www.agribusinessglobal.com\\\/pt\\\/#organization\",\"name\":\"AgriBusiness Global\",\"url\":\"https:\\\/\\\/www.agribusinessglobal.com\\\/pt\\\/\",\"logo\":{\"@type\":\"ImageObject\",\"inLanguage\":\"pt-BR\",\"@id\":\"https:\\\/\\\/www.agribusinessglobal.com\\\/pt\\\/#\\\/schema\\\/logo\\\/image\\\/\",\"url\":\"https:\\\/\\\/d6kq167ddwbdq.cloudfront.net\\\/farmchemint\\\/wp-content\\\/uploads\\\/2024\\\/06\\\/ABG-logo-250x150px-01.png\",\"contentUrl\":\"https:\\\/\\\/d6kq167ddwbdq.cloudfront.net\\\/farmchemint\\\/wp-content\\\/uploads\\\/2024\\\/06\\\/ABG-logo-250x150px-01.png\",\"width\":251,\"height\":151,\"caption\":\"AgriBusiness Global\"},\"image\":{\"@id\":\"https:\\\/\\\/www.agribusinessglobal.com\\\/pt\\\/#\\\/schema\\\/logo\\\/image\\\/\"}},{\"@type\":\"Person\",\"@id\":\"https:\\\/\\\/www.agribusinessglobal.com\\\/pt\\\/#\\\/schema\\\/person\\\/4d0c8184f818e1c1add90c6287c9988e\",\"name\":\"Matt Hopkins\",\"image\":{\"@type\":\"ImageObject\",\"inLanguage\":\"pt-BR\",\"@id\":\"https:\\\/\\\/secure.gravatar.com\\\/avatar\\\/4f61b3e5429d66b1c9638522df9e1c062cf0d3d750c2b602763b1ad5e17307e5?s=96&d=mm&r=g\",\"url\":\"https:\\\/\\\/secure.gravatar.com\\\/avatar\\\/4f61b3e5429d66b1c9638522df9e1c062cf0d3d750c2b602763b1ad5e17307e5?s=96&d=mm&r=g\",\"contentUrl\":\"https:\\\/\\\/secure.gravatar.com\\\/avatar\\\/4f61b3e5429d66b1c9638522df9e1c062cf0d3d750c2b602763b1ad5e17307e5?s=96&d=mm&r=g\",\"caption\":\"Matt Hopkins\"},\"url\":\"https:\\\/\\\/www.agribusinessglobal.com\\\/pt\\\/author\\\/hopkins\\\/\"}]}<\/script>\n<!-- \/ Yoast SEO plugin. -->","yoast_head_json":{"title":"Rovensa Next Appoints Jos\u00e9 Borgo As Chief Commerical Officer - AgriBusiness Global","description":"With over two decades of international leadership experience, Borgo joins the Rovensa Next Executive Committee to strengthen global market execution and drive commercial excellence.","robots":{"index":"index","follow":"follow","max-snippet":"max-snippet:-1","max-image-preview":"max-image-preview:large","max-video-preview":"max-video-preview:-1"},"canonical":"https:\/\/www.agribusinessglobal.com\/pt\/biologicals\/rovensa-next-appoints-jose-borgo-as-chief-commerical-officer\/","og_locale":"pt_BR","og_type":"article","og_title":"Rovensa Next Appoints Jos\u00e9 Borgo As Chief Commerical Officer - AgriBusiness Global","og_description":"With over two decades of international leadership experience, Borgo joins the Rovensa Next Executive Committee to strengthen global market execution and drive commercial excellence.","og_url":"https:\/\/www.agribusinessglobal.com\/pt\/biologicals\/rovensa-next-appoints-jose-borgo-as-chief-commerical-officer\/","og_site_name":"AgriBusiness Global","article_published_time":"2026-09-03T12:44:57+00:00","og_image":[{"width":896,"height":504,"url":"https:\/\/d6kq167ddwbdq.cloudfront.net\/farmchemint\/wp-content\/uploads\/2026\/09\/Rovensa-Borgo.jpg","type":"image\/jpeg"}],"author":"Matt Hopkins","twitter_card":"summary_large_image","twitter_image":"https:\/\/d6kq167ddwbdq.cloudfront.net\/farmchemint\/wp-content\/uploads\/2026\/09\/Rovensa-Borgo.jpg","twitter_misc":{"Escrito por":"Matt Hopkins","Est. tempo de leitura":"3 minutos"},"schema":{"@context":"https:\/\/schema.org","@graph":[{"@type":"Article","@id":"https:\/\/www.agribusinessglobal.com\/biologicals\/rovensa-next-appoints-jose-borgo-as-chief-commerical-officer\/#article","isPartOf":{"@id":"https:\/\/www.agribusinessglobal.com\/biologicals\/rovensa-next-appoints-jose-borgo-as-chief-commerical-officer\/"},"author":{"name":"Matt Hopkins","@id":"https:\/\/www.agribusinessglobal.com\/pt\/#\/schema\/person\/4d0c8184f818e1c1add90c6287c9988e"},"headline":"Rovensa Next Appoints Jos\u00e9 Borgo As Chief Commerical Officer","datePublished":"2026-09-03T12:44:57+00:00","mainEntityOfPage":{"@id":"https:\/\/www.agribusinessglobal.com\/biologicals\/rovensa-next-appoints-jose-borgo-as-chief-commerical-officer\/"},"wordCount":418,"commentCount":0,"publisher":{"@id":"https:\/\/www.agribusinessglobal.com\/pt\/#organization"},"image":{"@id":"https:\/\/www.agribusinessglobal.com\/biologicals\/rovensa-next-appoints-jose-borgo-as-chief-commerical-officer\/#primaryimage"},"thumbnailUrl":"https:\/\/d6kq167ddwbdq.cloudfront.net\/farmchemint\/wp-content\/uploads\/2026\/09\/Rovensa-Borgo.jpg","articleSection":["Biologicals","Industry News"],"inLanguage":"pt-BR","potentialAction":[{"@type":"CommentAction","name":"Comment","target":["https:\/\/www.agribusinessglobal.com\/biologicals\/rovensa-next-appoints-jose-borgo-as-chief-commerical-officer\/#respond"]}]},{"@type":"WebPage","@id":"https:\/\/www.agribusinessglobal.com\/biologicals\/rovensa-next-appoints-jose-borgo-as-chief-commerical-officer\/","url":"https:\/\/www.agribusinessglobal.com\/biologicals\/rovensa-next-appoints-jose-borgo-as-chief-commerical-officer\/","name":"Rovensa Next Appoints Jos\u00e9 Borgo As Chief Commerical Officer - AgriBusiness Global","isPartOf":{"@id":"https:\/\/www.agribusinessglobal.com\/pt\/#website"},"primaryImageOfPage":{"@id":"https:\/\/www.agribusinessglobal.com\/biologicals\/rovensa-next-appoints-jose-borgo-as-chief-commerical-officer\/#primaryimage"},"image":{"@id":"https:\/\/www.agribusinessglobal.com\/biologicals\/rovensa-next-appoints-jose-borgo-as-chief-commerical-officer\/#primaryimage"},"thumbnailUrl":"https:\/\/d6kq167ddwbdq.cloudfront.net\/farmchemint\/wp-content\/uploads\/2026\/09\/Rovensa-Borgo.jpg","datePublished":"2026-09-03T12:44:57+00:00","description":"With over two decades of international leadership experience, Borgo joins the Rovensa Next Executive Committee to strengthen global market execution and drive commercial excellence.","breadcrumb":{"@id":"https:\/\/www.agribusinessglobal.com\/biologicals\/rovensa-next-appoints-jose-borgo-as-chief-commerical-officer\/#breadcrumb"},"inLanguage":"pt-BR","potentialAction":[{"@type":"ReadAction","target":["https:\/\/www.agribusinessglobal.com\/biologicals\/rovensa-next-appoints-jose-borgo-as-chief-commerical-officer\/"]}]},{"@type":"ImageObject","inLanguage":"pt-BR","@id":"https:\/\/www.agribusinessglobal.com\/biologicals\/rovensa-next-appoints-jose-borgo-as-chief-commerical-officer\/#primaryimage","url":"https:\/\/d6kq167ddwbdq.cloudfront.net\/farmchemint\/wp-content\/uploads\/2026\/09\/Rovensa-Borgo.jpg","contentUrl":"https:\/\/d6kq167ddwbdq.cloudfront.net\/farmchemint\/wp-content\/uploads\/2026\/09\/Rovensa-Borgo.jpg","width":896,"height":504},{"@type":"BreadcrumbList","@id":"https:\/\/www.agribusinessglobal.com\/biologicals\/rovensa-next-appoints-jose-borgo-as-chief-commerical-officer\/#breadcrumb","itemListElement":[{"@type":"ListItem","position":1,"name":"Home","item":"https:\/\/www.agribusinessglobal.com\/pt\/"},{"@type":"ListItem","position":2,"name":"Rovensa Next Appoints Jos\u00e9 Borgo As Chief Commerical Officer"}]},{"@type":"WebSite","@id":"https:\/\/www.agribusinessglobal.com\/pt\/#website","url":"https:\/\/www.agribusinessglobal.com\/pt\/","name":"Agroneg\u00f3cio Global","description":"Capacitando a agricultura para alimentar o mundo","publisher":{"@id":"https:\/\/www.agribusinessglobal.com\/pt\/#organization"},"potentialAction":[{"@type":"SearchAction","target":{"@type":"EntryPoint","urlTemplate":"https:\/\/www.agribusinessglobal.com\/pt\/?s={search_term_string}"},"query-input":{"@type":"PropertyValueSpecification","valueRequired":true,"valueName":"search_term_string"}}],"inLanguage":"pt-BR"},{"@type":"Organization","@id":"https:\/\/www.agribusinessglobal.com\/pt\/#organization","name":"Agroneg\u00f3cio Global","url":"https:\/\/www.agribusinessglobal.com\/pt\/","logo":{"@type":"ImageObject","inLanguage":"pt-BR","@id":"https:\/\/www.agribusinessglobal.com\/pt\/#\/schema\/logo\/image\/","url":"https:\/\/d6kq167ddwbdq.cloudfront.net\/farmchemint\/wp-content\/uploads\/2024\/06\/ABG-logo-250x150px-01.png","contentUrl":"https:\/\/d6kq167ddwbdq.cloudfront.net\/farmchemint\/wp-content\/uploads\/2024\/06\/ABG-logo-250x150px-01.png","width":251,"height":151,"caption":"AgriBusiness Global"},"image":{"@id":"https:\/\/www.agribusinessglobal.com\/pt\/#\/schema\/logo\/image\/"}},{"@type":"Person","@id":"https:\/\/www.agribusinessglobal.com\/pt\/#\/schema\/person\/4d0c8184f818e1c1add90c6287c9988e","name":"Matt Hopkins","image":{"@type":"ImageObject","inLanguage":"pt-BR","@id":"https:\/\/secure.gravatar.com\/avatar\/4f61b3e5429d66b1c9638522df9e1c062cf0d3d750c2b602763b1ad5e17307e5?s=96&d=mm&r=g","url":"https:\/\/secure.gravatar.com\/avatar\/4f61b3e5429d66b1c9638522df9e1c062cf0d3d750c2b602763b1ad5e17307e5?s=96&d=mm&r=g","contentUrl":"https:\/\/secure.gravatar.com\/avatar\/4f61b3e5429d66b1c9638522df9e1c062cf0d3d750c2b602763b1ad5e17307e5?s=96&d=mm&r=g","caption":"Matt Hopkins"},"url":"https:\/\/www.agribusinessglobal.com\/pt\/author\/hopkins\/"}]}},"acf":[],"jetpack_publicize_connections":[],"jetpack_sharing_enabled":true,"jetpack_shortlink":"https:\/\/wp.me\/paA6y4-zdx","jetpack_featured_media_url":"https:\/\/d6kq167ddwbdq.cloudfront.net\/farmchemint\/wp-content\/uploads\/2026\/09\/Rovensa-Borgo.jpg","_links":{"self":[{"href":"https:\/\/www.agribusinessglobal.com\/pt\/wp-json\/wp\/v2\/posts\/135379","targetHints":{"allow":["GET"]}}],"collection":[{"href":"https:\/\/www.agribusinessglobal.com\/pt\/wp-json\/wp\/v2\/posts"}],"about":[{"href":"https:\/\/www.agribusinessglobal.com\/pt\/wp-json\/wp\/v2\/types\/post"}],"author":[{"embeddable":true,"href":"https:\/\/www.agribusinessglobal.com\/pt\/wp-json\/wp\/v2\/users\/110"}],"replies":[{"embeddable":true,"href":"https:\/\/www.agribusinessglobal.com\/pt\/wp-json\/wp\/v2\/comments?post=135379"}],"version-history":[{"count":0,"href":"https:\/\/www.agribusinessglobal.com\/pt\/wp-json\/wp\/v2\/posts\/135379\/revisions"}],"wp:featuredmedia":[{"embeddable":true,"href":"https:\/\/www.agribusinessglobal.com\/pt\/wp-json\/wp\/v2\/media\/135380"}],"wp:attachment":[{"href":"https:\/\/www.agribusinessglobal.com\/pt\/wp-json\/wp\/v2\/media?parent=135379"}],"wp:term":[{"taxonomy":"category","embeddable":true,"href":"https:\/\/www.agribusinessglobal.com\/pt\/wp-json\/wp\/v2\/categories?post=135379"},{"taxonomy":"post_tag","embeddable":true,"href":"https:\/\/www.agribusinessglobal.com\/pt\/wp-json\/wp\/v2\/tags?post=135379"}],"curies":[{"name":"wp","href":"https:\/\/api.w.org\/{rel}","templated":true}]}}